{"Signatur": "ZH_SVG_001", "Spider": "ZH_Sozialversicherungsgericht", "Sprache": "de", "Datum": "2023-05-23", "HTML": {"Datei": "ZH_Sozialversicherungsgericht/ZH_SVG_001_BV-2022-00029_2023-05-23.html", "URL": "https://findex.webgate.cloud/entscheide/BV.2022.00029.html", "Checksum": "78dfa484037d969c06097f95aacc4e3f"}, "Scrapedate": "2023-01-01", "Num": ["BV.2022.00029"], "Kopfzeile": [{"Sprachen": ["de"], "Text": "Z\u00fcrich Sozialversicherungsgericht 23.05.2023 BV.2022.00029"}, {"Sprachen": ["fr"], "Text": "Zurich Sozialversicherungsgericht 23.05.2023 BV.2022.00029"}, {"Sprachen": ["it"], "Text": "Zurigo Sozialversicherungsgericht 23.05.2023 BV.2022.00029"}], "Meta": [{"Sprachen": ["de"], "Text": "Z\u00fcrich Sozialversicherungsgericht "}, {"Sprachen": ["fr"], "Text": "Zurich Sozialversicherungsgericht "}, {"Sprachen": ["it"], "Text": "Zurigo Sozialversicherungsgericht "}], "Abstract": [{"Sprachen": ["de", "fr", "it"], "Text": "Zur Invalidit\u00e4t f\u00fchrende Arbeitsunf\u00e4higkeit nicht \u00fcberwiegend wahrscheinlich w\u00e4hrend Versicherungsdeckung durch die Beklagte eingetreten. "}], "ScrapyJob": "446973/33/1947", "Zeit UTC": "24.07.2025 00:46:23", "Checksum": "39045668b576697ed82c9d24d573f623"}