{"Signatur": "ZH_SVG_001", "Spider": "ZH_Sozialversicherungsgericht", "Sprache": "de", "Datum": "2022-12-08", "HTML": {"Datei": "ZH_Sozialversicherungsgericht/ZH_SVG_001_BV-2022-00033_2022-12-08.html", "URL": "https://findex.webgate.cloud/entscheide/BV.2022.00033.html", "Checksum": "0ca10bfe2c618afefc08860cb4b94c75"}, "Scrapedate": "2023-01-01", "Num": ["BV.2022.00033"], "Kopfzeile": [{"Sprachen": ["de"], "Text": "Z\u00fcrich Sozialversicherungsgericht 08.12.2022 BV.2022.00033"}, {"Sprachen": ["fr"], "Text": "Zurich Sozialversicherungsgericht 08.12.2022 BV.2022.00033"}, {"Sprachen": ["it"], "Text": "Zurigo Sozialversicherungsgericht 08.12.2022 BV.2022.00033"}], "Meta": [{"Sprachen": ["de"], "Text": "Z\u00fcrich Sozialversicherungsgericht "}, {"Sprachen": ["fr"], "Text": "Zurich Sozialversicherungsgericht "}, {"Sprachen": ["it"], "Text": "Zurigo Sozialversicherungsgericht "}], "Abstract": [{"Sprachen": ["de", "fr", "it"], "Text": "Eintritt der invalidisierenden Arbeitsunf\u00e4higkeit w\u00e4hrend Vorsorgeverh\u00e4ltnis nicht gegeben, nachdem bereits im Zuge der IV-Erstanmeldung ein invalidisierender Gesundheitsschaden rechtskr\u00e4ftig verneint wurde. "}], "ScrapyJob": "446973/33/1947", "Zeit UTC": "24.07.2025 00:56:16", "Checksum": "595e2806f1edc7d5f39394c373f9d27a"}