{"Signatur": "ZH_SVG_001", "Spider": "ZH_Sozialversicherungsgericht", "Sprache": "de", "Datum": "2024-09-12", "HTML": {"Datei": "ZH_Sozialversicherungsgericht/ZH_SVG_001_BV-2022-00100_2024-09-12.html", "URL": "https://findex.webgate.cloud/entscheide/BV.2022.00100.html", "Checksum": "cab66731003570e4b716def7a9a42871"}, "Scrapedate": "2023-01-01", "Num": ["BV.2022.00100"], "Kopfzeile": [{"Sprachen": ["de"], "Text": "Z\u00fcrich Sozialversicherungsgericht 12.09.2024 BV.2022.00100"}, {"Sprachen": ["fr"], "Text": "Zurich Sozialversicherungsgericht 12.09.2024 BV.2022.00100"}, {"Sprachen": ["it"], "Text": "Zurigo Sozialversicherungsgericht 12.09.2024 BV.2022.00100"}], "Meta": [{"Sprachen": ["de"], "Text": "Z\u00fcrich Sozialversicherungsgericht "}, {"Sprachen": ["fr"], "Text": "Zurich Sozialversicherungsgericht "}, {"Sprachen": ["it"], "Text": "Zurigo Sozialversicherungsgericht "}], "Abstract": [{"Sprachen": ["de", "fr", "it"], "Text": "Schizoaffektive St\u00f6rung; lange Phasen ohne Behandlung und mit Bezug von ALV sowie mehrere dreimonatige vollzeitige Arbeitseins\u00e4tze (weshalb IV Erf\u00fcllung Wartejahr mehrmals verneinte); Leistungszust\u00e4ndigkeit s\u00e4mtlicher eingeklagter PKs verneint, da endg\u00fcltige Manifestation der AUF w\u00e4hrend deren Versicherungsdeckung nicht hinreichend nachweisbar, obschon mehrmals dekompensiert und station\u00e4r behandelt  (h\u00e4ngig)"}], "ScrapyJob": "446973/33/1947", "Zeit UTC": "24.07.2025 00:46:39", "Checksum": "6dd4bf5c402072ae31a6cca2e1788684"}