{"Signatur": "ZH_SVG_001", "Spider": "ZH_Sozialversicherungsgericht", "Sprache": "de", "Datum": "2025-07-15", "HTML": {"Datei": "ZH_Sozialversicherungsgericht/ZH_SVG_001_BV-2024-00033_2025-07-15.html", "URL": "https://findex.webgate.cloud/entscheide/BV.2024.00033.html", "Checksum": "d4a9942a1331a2323ba197a54d3e1aec"}, "Scrapedate": "2026-01-17", "Num": ["BV.2024.00033"], "Kopfzeile": [{"Sprachen": ["de"], "Text": "Z\u00fcrich Sozialversicherungsgericht 15.07.2025 BV.2024.00033"}, {"Sprachen": ["fr"], "Text": "Zurich Sozialversicherungsgericht 15.07.2025 BV.2024.00033"}, {"Sprachen": ["it"], "Text": "Zurigo Sozialversicherungsgericht 15.07.2025 BV.2024.00033"}], "Meta": [{"Sprachen": ["de"], "Text": "Z\u00fcrich Sozialversicherungsgericht "}, {"Sprachen": ["fr"], "Text": "Zurich Sozialversicherungsgericht "}, {"Sprachen": ["it"], "Text": "Zurigo Sozialversicherungsgericht "}], "Abstract": [{"Sprachen": ["de", "fr", "it"], "Text": "Beklagte ist f\u00fcr die psychisch bedingte Invalidit\u00e4t nicht leistungspflichtig, da die Arbeitsunf\u00e4higkeit w\u00e4hrend der Versicherungsdeckung somatisch begr\u00fcndet und nicht durch psychische Beschwerden mitgepr\u00e4gt war (h\u00e4ngig)"}], "ScrapyJob": "446973/33/2130", "Zeit UTC": "17.01.2026 00:41:45", "Checksum": "2ace09d10a163b585c894b1f89df9cf1"}