{"Signatur": "ZH_SVG_001", "Spider": "ZH_Sozialversicherungsgericht", "Sprache": "de", "Datum": "2025-09-30", "HTML": {"Datei": "ZH_Sozialversicherungsgericht/ZH_SVG_001_BV-2024-00043_2025-09-30.html", "URL": "https://findex.webgate.cloud/entscheide/BV.2024.00043.html", "Checksum": "b8d1ed356907360111454e769c029087"}, "Scrapedate": "2026-03-20", "Num": ["BV.2024.00043"], "Kopfzeile": [{"Sprachen": ["de"], "Text": "Z\u00fcrich Sozialversicherungsgericht 30.09.2025 BV.2024.00043"}, {"Sprachen": ["fr"], "Text": "Zurich Sozialversicherungsgericht 30.09.2025 BV.2024.00043"}, {"Sprachen": ["it"], "Text": "Zurigo Sozialversicherungsgericht 30.09.2025 BV.2024.00043"}], "Meta": [{"Sprachen": ["de"], "Text": "Z\u00fcrich Sozialversicherungsgericht "}, {"Sprachen": ["fr"], "Text": "Zurich Sozialversicherungsgericht "}, {"Sprachen": ["it"], "Text": "Zurigo Sozialversicherungsgericht "}], "Abstract": [{"Sprachen": ["de", "fr", "it"], "Text": "GAV FAR. Kl\u00e4ger ist im massgebenden Zeitraum dem leitenden Personal zuzuordnen. Entsprechend wird er vom pers\u00f6nlichen Geltungsbereich des GAV FAR nicht erfasst und es sind die Anspruchsvoraussetzungen f\u00fcr eine \u00dcberbr\u00fcckungsrente nicht erf\u00fcllt.   (h\u00e4ngig)"}], "ScrapyJob": "446973/33/2196", "Zeit UTC": "20.03.2026 00:51:20", "Checksum": "f2fc0d781dbd502d4e36db827d278125"}