{"Signatur": "ZH_SVG_001", "Spider": "ZH_Sozialversicherungsgericht", "Sprache": "de", "Datum": "2021-04-28", "HTML": {"Datei": "ZH_Sozialversicherungsgericht/ZH_SVG_001_EE-2021-00004_2021-04-28.html", "URL": "https://findex.webgate.cloud/entscheide/EE.2021.00004.html", "Checksum": "afba0eb6e81445f7016630724d34688f"}, "Scrapedate": "2023-01-01", "Num": ["EE.2021.00004"], "Kopfzeile": [{"Sprachen": ["de"], "Text": "Z\u00fcrich Sozialversicherungsgericht 28.04.2021 EE.2021.00004"}, {"Sprachen": ["fr"], "Text": "Zurich Sozialversicherungsgericht 28.04.2021 EE.2021.00004"}, {"Sprachen": ["it"], "Text": "Zurigo Sozialversicherungsgericht 28.04.2021 EE.2021.00004"}], "Meta": [{"Sprachen": ["de"], "Text": "Z\u00fcrich Sozialversicherungsgericht "}, {"Sprachen": ["fr"], "Text": "Zurich Sozialversicherungsgericht "}, {"Sprachen": ["it"], "Text": "Zurigo Sozialversicherungsgericht "}], "Abstract": [{"Sprachen": ["de", "fr", "it"], "Text": "Versicherte mit arbeitgeber\u00e4hnlicher Stellung passte ihren im Januar 2020 f\u00fcr das Jahr 2019 gemeldeten Lohn nachtr\u00e4glich an. Ausgleichskasse hat zu Recht auf den urspr\u00fcnglich gemeldeten Lohn abgestellt."}], "ScrapyJob": "446973/33/1864", "Zeit UTC": "06.05.2025 03:02:29", "Checksum": "3a0f20a8b2e662ac225268dd16352589"}