{"Signatur": "ZH_SVG_001", "Spider": "ZH_Sozialversicherungsgericht", "Sprache": "de", "Datum": "2022-05-31", "HTML": {"Datei": "ZH_Sozialversicherungsgericht/ZH_SVG_001_EE-2022-00013_2022-05-31.html", "URL": "https://findex.webgate.cloud/entscheide/EE.2022.00013.html", "Checksum": "a965bb8527bfc1be86641c2124dcc25d"}, "Scrapedate": "2023-01-01", "Num": ["EE.2022.00013"], "Kopfzeile": [{"Sprachen": ["de"], "Text": "Z\u00fcrich Sozialversicherungsgericht 31.05.2022 EE.2022.00013"}, {"Sprachen": ["fr"], "Text": "Zurich Sozialversicherungsgericht 31.05.2022 EE.2022.00013"}, {"Sprachen": ["it"], "Text": "Zurigo Sozialversicherungsgericht 31.05.2022 EE.2022.00013"}], "Meta": [{"Sprachen": ["de"], "Text": "Z\u00fcrich Sozialversicherungsgericht "}, {"Sprachen": ["fr"], "Text": "Zurich Sozialversicherungsgericht "}, {"Sprachen": ["it"], "Text": "Zurigo Sozialversicherungsgericht "}], "Abstract": [{"Sprachen": ["de", "fr", "it"], "Text": "Zwischen den beh\u00f6rdlichen Massnahmen zur Bek\u00e4mpfung von Covid-19 und den von der Beschwerdef\u00fchrerin geltend gemachten Umsatzeinbusse ihrer Kindertagesst\u00e4tte im Oktober 2021 ist kein Zusammenhang ersichtlich. Der Anspruch auf eine Corona-Erwerbsausfallentsch\u00e4digung wurde zu Recht verneint."}], "ScrapyJob": "446973/33/1947", "Zeit UTC": "24.07.2025 00:46:17", "Checksum": "539a7abb2065b24bd0adcbeb2ff32a6d"}