{"Signatur": "ZH_SVG_001", "Spider": "ZH_Sozialversicherungsgericht", "Sprache": "de", "Datum": "2023-03-09", "HTML": {"Datei": "ZH_Sozialversicherungsgericht/ZH_SVG_001_EE-2022-00083_2023-03-09.html", "URL": "https://findex.webgate.cloud/entscheide/EE.2022.00083.html", "Checksum": "413eb7dcd96c94cb31fef0b4e9b00978"}, "Scrapedate": "2023-01-01", "Num": ["EE.2022.00083"], "Kopfzeile": [{"Sprachen": ["de"], "Text": "Z\u00fcrich Sozialversicherungsgericht 09.03.2023 EE.2022.00083"}, {"Sprachen": ["fr"], "Text": "Zurich Sozialversicherungsgericht 09.03.2023 EE.2022.00083"}, {"Sprachen": ["it"], "Text": "Zurigo Sozialversicherungsgericht 09.03.2023 EE.2022.00083"}], "Meta": [{"Sprachen": ["de"], "Text": "Z\u00fcrich Sozialversicherungsgericht "}, {"Sprachen": ["fr"], "Text": "Zurich Sozialversicherungsgericht "}, {"Sprachen": ["it"], "Text": "Zurigo Sozialversicherungsgericht "}], "Abstract": [{"Sprachen": ["de", "fr", "it"], "Text": "Der Anspruch auf eine Corona-Erwerbsausfallentsch\u00e4digung f\u00fcr im Veranstaltungsbereich t\u00e4tige Personen wurde zu Recht verneint (einige Veranstaltungen fanden am vorgesehenen Termin ohne die Beteiligung des Beschwerdef\u00fchrers statt, die anderen Veranstaltungen wurden nicht \u00fcberwiegend wahrscheinlich wegen beh\u00f6rdlichen Massnahmen zur Bek\u00e4mpfung von Covid-19 abgesagt)."}], "ScrapyJob": "446973/33/1947", "Zeit UTC": "24.07.2025 00:55:15", "Checksum": "58d8d5424affc6413bb1b23199cd3b5c"}