{"Signatur": "ZH_SVG_001", "Spider": "ZH_Sozialversicherungsgericht", "Sprache": "de", "Datum": "2023-06-14", "HTML": {"Datei": "ZH_Sozialversicherungsgericht/ZH_SVG_001_EE-2023-00005_2023-06-14.html", "URL": "https://findex.webgate.cloud/entscheide/EE.2023.00005.html", "Checksum": "37c73df0ee184c26765f89ce822f54be"}, "Scrapedate": "2023-01-01", "Num": ["EE.2023.00005"], "Kopfzeile": [{"Sprachen": ["de"], "Text": "Z\u00fcrich Sozialversicherungsgericht 14.06.2023 EE.2023.00005"}, {"Sprachen": ["fr"], "Text": "Zurich Sozialversicherungsgericht 14.06.2023 EE.2023.00005"}, {"Sprachen": ["it"], "Text": "Zurigo Sozialversicherungsgericht 14.06.2023 EE.2023.00005"}], "Meta": [{"Sprachen": ["de"], "Text": "Z\u00fcrich Sozialversicherungsgericht "}, {"Sprachen": ["fr"], "Text": "Zurich Sozialversicherungsgericht "}, {"Sprachen": ["it"], "Text": "Zurigo Sozialversicherungsgericht "}], "Abstract": [{"Sprachen": ["de", "fr", "it"], "Text": "Wenn die Ausgleichskasse aufgrund einer Selbstdeklaration des Selbst\u00e4ndigenerwerbenden die Akontobeitr\u00e4ge 2019 angepasst hat, kann dieser nachtr\u00e4glich nicht mehr verlangen, dass gest\u00fctzt auf Rz. 1065.1 des KS CE die Corona-Erwerbsausfallentsch\u00e4digung gem\u00e4ss der definitiven Beitragsverf\u00fcgung 2017 zu bemessen sei."}], "ScrapyJob": "446973/33/1947", "Zeit UTC": "24.07.2025 00:45:07", "Checksum": "b5b6f2102fca80ffa690831f0e1d3547"}