{"Signatur": "ZH_SVG_001", "Spider": "ZH_Sozialversicherungsgericht", "Sprache": "de", "Datum": "2003-04-09", "HTML": {"Datei": "ZH_Sozialversicherungsgericht/ZH_SVG_001_IV-2002-00268_2003-04-09.html", "URL": "https://chid003d.ideso.ch/c050018/svg/findexweb.nsf/urteil.xsp?uid=UWEE-9AQJ89", "Checksum": "598fbf09be8389b659e28f90334e9241"}, "Num": ["IV.2002.00268"], "Kopfzeile": [{"Sprachen": ["de"], "Text": "Z\u00fcrich Sozialverischerungsgericht 09.04.2003 IV.2002.00268"}, {"Sprachen": ["fr"], "Text": "Zurich Sozialverischerungsgericht 09.04.2003 IV.2002.00268"}, {"Sprachen": ["it"], "Text": "Zurigo Sozialverischerungsgericht 09.04.2003 IV.2002.00268"}], "Meta": [{"Sprachen": ["de"], "Text": "Z\u00fcrich Sozialverischerungsgericht "}, {"Sprachen": ["fr"], "Text": "Zurich Sozialverischerungsgericht "}, {"Sprachen": ["it"], "Text": "Zurigo Sozialverischerungsgericht "}], "Abstract": [{"Sprachen": ["de", "fr", "it"], "Text": "Koordination zwischen IV und UV in der Invalidit\u00e4tsbemessung. Die IV-Stelle ist zu Recht nicht von der rechtskr\u00e4ftigen Invalidit\u00e4tsbemessung durch die SUVA abgewichen"}], "ScrapyJob": "446973/33/117", "Zeit UTC": "21.02.2021 00:06:23", "Checksum": "a3b3f37da49aa038ef0b88ed9d9ab4c9"}