{"Signatur": "ZH_SVG_001", "Spider": "ZH_Sozialversicherungsgericht", "Sprache": "de", "Datum": "2004-08-16", "HTML": {"Datei": "ZH_Sozialversicherungsgericht/ZH_SVG_001_IV-2002-00391_2004-08-16.html", "URL": "https://chid003d.ideso.ch/c050018/svg/findexweb.nsf/urteil.xsp?uid=UWEE-9AQLLE", "Checksum": "245128e224b0027caacaa984bdacd1cc"}, "Num": ["IV.2002.00391"], "Kopfzeile": [{"Sprachen": ["de"], "Text": "Z\u00fcrich Sozialverischerungsgericht 16.08.2004 IV.2002.00391"}, {"Sprachen": ["fr"], "Text": "Zurich Sozialverischerungsgericht 16.08.2004 IV.2002.00391"}, {"Sprachen": ["it"], "Text": "Zurigo Sozialverischerungsgericht 16.08.2004 IV.2002.00391"}], "Meta": [{"Sprachen": ["de"], "Text": "Z\u00fcrich Sozialverischerungsgericht "}, {"Sprachen": ["fr"], "Text": "Zurich Sozialverischerungsgericht "}, {"Sprachen": ["it"], "Text": "Zurigo Sozialverischerungsgericht "}], "Abstract": [{"Sprachen": ["de", "fr", "it"], "Text": "pro rata temporis Invalidenrente im Verh\u00e4ltnis zur EU; ausl\u00e4ndische Versicherungszeiten sind in der Schweiz nicht zu ber\u00fccksichtigen; autonome Teilrentenberechnung"}], "ScrapyJob": "446973/33/117", "Zeit UTC": "21.02.2021 01:15:04", "Checksum": "29f9089ed70b2379378d96b2c528a6b1"}