{"Signatur": "ZH_SVG_001", "Spider": "ZH_Sozialversicherungsgericht", "Sprache": "de", "Datum": "2007-09-24", "HTML": {"Datei": "ZH_Sozialversicherungsgericht/ZH_SVG_001_IV-2006-00845_2007-09-24.html", "URL": "https://chid003d.ideso.ch/c050018/svg/findexweb.nsf/urteil.xsp?uid=UWEE-9AQSM4", "Checksum": "16ee8f8d285462eb255151adeb9117c8"}, "Num": ["IV.2006.00845"], "Kopfzeile": [{"Sprachen": ["de"], "Text": "Z\u00fcrich Sozialverischerungsgericht 24.09.2007 IV.2006.00845"}, {"Sprachen": ["fr"], "Text": "Zurich Sozialverischerungsgericht 24.09.2007 IV.2006.00845"}, {"Sprachen": ["it"], "Text": "Zurigo Sozialverischerungsgericht 24.09.2007 IV.2006.00845"}], "Meta": [{"Sprachen": ["de"], "Text": "Z\u00fcrich Sozialverischerungsgericht "}, {"Sprachen": ["fr"], "Text": "Zurich Sozialverischerungsgericht "}, {"Sprachen": ["it"], "Text": "Zurigo Sozialverischerungsgericht "}], "Abstract": [{"Sprachen": ["de", "fr", "it"], "Text": "ungen\u00fcgende Abkl\u00e4rung, behinderungsangepasste T\u00e4tigkeit, RAD, funktionelle Leistungsf\u00e4higkeit"}], "ScrapyJob": "446973/33/117", "Zeit UTC": "21.02.2021 01:06:40", "Checksum": "d87d214bf6ba8691f3a805278af5dbc7"}