{"Signatur": "ZH_SVG_001", "Spider": "ZH_Sozialversicherungsgericht", "Sprache": "de", "Datum": "2008-06-27", "HTML": {"Datei": "ZH_Sozialversicherungsgericht/ZH_SVG_001_IV-2007-00317_2008-06-27.html", "URL": "https://chid003d.ideso.ch/c050018/svg/findexweb.nsf/urteil.xsp?uid=UWEE-9AQUMZ", "Checksum": "46a39659ef134dfa06f47a5580f36504"}, "Num": ["IV.2007.00317"], "Kopfzeile": [{"Sprachen": ["de"], "Text": "Z\u00fcrich Sozialverischerungsgericht 27.06.2008 IV.2007.00317"}, {"Sprachen": ["fr"], "Text": "Zurich Sozialverischerungsgericht 27.06.2008 IV.2007.00317"}, {"Sprachen": ["it"], "Text": "Zurigo Sozialverischerungsgericht 27.06.2008 IV.2007.00317"}], "Meta": [{"Sprachen": ["de"], "Text": "Z\u00fcrich Sozialverischerungsgericht "}, {"Sprachen": ["fr"], "Text": "Zurich Sozialverischerungsgericht "}, {"Sprachen": ["it"], "Text": "Zurigo Sozialverischerungsgericht "}], "Abstract": [{"Sprachen": ["de", "fr", "it"], "Text": "R\u00fcckweisung; ungen\u00fcgende Abkl\u00e4rung der Frage, ob und in welchem Umfang die Arbeitsunf\u00e4higkeit durch die Depression oder aber durch psychosoziale Faktoren bewirkt wird"}], "ScrapyJob": "446973/33/117", "Zeit UTC": "21.02.2021 00:11:11", "Checksum": "ad7be8c9ca957409d5a79d8848cd9ebe"}