{"Signatur": "ZH_SVG_001", "Spider": "ZH_Sozialversicherungsgericht", "Sprache": "de", "Datum": "2008-09-29", "HTML": {"Datei": "ZH_Sozialversicherungsgericht/ZH_SVG_001_IV-2007-01001_2008-09-29.html", "URL": "https://chid003d.ideso.ch/c050018/svg/findexweb.nsf/urteil.xsp?uid=UWEE-9AQUNV", "Checksum": "edae803ded37080bacc8a139cf099682"}, "Num": ["IV.2007.01001"], "Kopfzeile": [{"Sprachen": ["de"], "Text": "Z\u00fcrich Sozialverischerungsgericht 29.09.2008 IV.2007.01001"}, {"Sprachen": ["fr"], "Text": "Zurich Sozialverischerungsgericht 29.09.2008 IV.2007.01001"}, {"Sprachen": ["it"], "Text": "Zurigo Sozialverischerungsgericht 29.09.2008 IV.2007.01001"}], "Meta": [{"Sprachen": ["de"], "Text": "Z\u00fcrich Sozialverischerungsgericht "}, {"Sprachen": ["fr"], "Text": "Zurich Sozialverischerungsgericht "}, {"Sprachen": ["it"], "Text": "Zurigo Sozialverischerungsgericht "}], "Abstract": [{"Sprachen": ["de", "fr", "it"], "Text": "Berufliche Massnahmen, eventuell Rente, leichte psychische St\u00f6rung, welche nicht geeignet ist, eine leistungsspezifische Invalidit\u00e4t zu begr\u00fcnden"}], "ScrapyJob": "446973/33/117", "Zeit UTC": "21.02.2021 01:02:58", "Checksum": "54c3239a039a16f4a6954b08647acccb"}