{"Signatur": "ZH_SVG_001", "Spider": "ZH_Sozialversicherungsgericht", "Sprache": "de", "Datum": "2009-08-31", "HTML": {"Datei": "ZH_Sozialversicherungsgericht/ZH_SVG_001_IV-2007-01148_2009-08-31.html", "URL": "https://chid003d.ideso.ch/c050018/svg/findexweb.nsf/urteil.xsp?uid=UWEE-9AR2EB", "Checksum": "b1555392cf0e7c578e3e6f61529a35df"}, "Num": ["IV.2007.01148"], "Kopfzeile": [{"Sprachen": ["de"], "Text": "Z\u00fcrich Sozialverischerungsgericht 31.08.2009 IV.2007.01148"}, {"Sprachen": ["fr"], "Text": "Zurich Sozialverischerungsgericht 31.08.2009 IV.2007.01148"}, {"Sprachen": ["it"], "Text": "Zurigo Sozialverischerungsgericht 31.08.2009 IV.2007.01148"}], "Meta": [{"Sprachen": ["de"], "Text": "Z\u00fcrich Sozialverischerungsgericht "}, {"Sprachen": ["fr"], "Text": "Zurich Sozialverischerungsgericht "}, {"Sprachen": ["it"], "Text": "Zurigo Sozialverischerungsgericht "}], "Abstract": [{"Sprachen": ["de", "fr", "it"], "Text": "Keine Arbeitsunf\u00e4higkeit in der erlernten oder zuletzt ausge\u00fcbten T\u00e4tigkeit, keine Invalidit\u00e4tsbemessung und keine vorherige Pr\u00fcfung beruflicher Massnahmen n\u00f6tig"}], "ScrapyJob": "446973/33/117", "Zeit UTC": "21.02.2021 01:03:10", "Checksum": "3dc16522772b87dad273955bcac5315b"}