{"Signatur": "ZH_SVG_001", "Spider": "ZH_Sozialversicherungsgericht", "Sprache": "de", "Datum": "2008-09-30", "HTML": {"Datei": "ZH_Sozialversicherungsgericht/ZH_SVG_001_IV-2007-01326_2008-09-30.html", "URL": "https://chid003d.ideso.ch/c050018/svg/findexweb.nsf/urteil.xsp?uid=UWEE-9AQUVL", "Checksum": "af4a33f7cadffcd2afa06ec58ffb519b"}, "Num": ["IV.2007.01326"], "Kopfzeile": [{"Sprachen": ["de"], "Text": "Z\u00fcrich Sozialverischerungsgericht 30.09.2008 IV.2007.01326"}, {"Sprachen": ["fr"], "Text": "Zurich Sozialverischerungsgericht 30.09.2008 IV.2007.01326"}, {"Sprachen": ["it"], "Text": "Zurigo Sozialverischerungsgericht 30.09.2008 IV.2007.01326"}], "Meta": [{"Sprachen": ["de"], "Text": "Z\u00fcrich Sozialverischerungsgericht "}, {"Sprachen": ["fr"], "Text": "Zurich Sozialverischerungsgericht "}, {"Sprachen": ["it"], "Text": "Zurigo Sozialverischerungsgericht "}], "Abstract": [{"Sprachen": ["de", "fr", "it"], "Text": "Die Beurteilung einer allf\u00e4lligen durch psychische St\u00f6rungen verursachte Einschr\u00e4nkung der Arbeitsf\u00e4higkeit ist den Fach\u00e4rzten der Psychiatrie vorbehalten."}], "ScrapyJob": "446973/33/117", "Zeit UTC": "21.02.2021 00:10:56", "Checksum": "3f4a2ce551df33694d0c7511aeea518c"}