{"Signatur": "ZH_SVG_001", "Spider": "ZH_Sozialversicherungsgericht", "Sprache": "de", "Datum": "2011-08-31", "HTML": {"Datei": "ZH_Sozialversicherungsgericht/ZH_SVG_001_IV-2008-00066_2011-08-31.html", "URL": "https://chid003d.ideso.ch/c050018/svg/findexweb.nsf/urteil.xsp?uid=UWEE-9AR6QF", "Checksum": "e01791a5d9a5d77f1bf4434f738bb364"}, "Num": ["IV.2008.00066"], "Kopfzeile": [{"Sprachen": ["de"], "Text": "Z\u00fcrich Sozialverischerungsgericht 31.08.2011 IV.2008.00066"}, {"Sprachen": ["fr"], "Text": "Zurich Sozialverischerungsgericht 31.08.2011 IV.2008.00066"}, {"Sprachen": ["it"], "Text": "Zurigo Sozialverischerungsgericht 31.08.2011 IV.2008.00066"}], "Meta": [{"Sprachen": ["de"], "Text": "Z\u00fcrich Sozialverischerungsgericht "}, {"Sprachen": ["fr"], "Text": "Zurich Sozialverischerungsgericht "}, {"Sprachen": ["it"], "Text": "Zurigo Sozialverischerungsgericht "}], "Abstract": [{"Sprachen": ["de", "fr", "it"], "Text": "Depression und kombinierte Pers\u00f6nlichkeitsst\u00f6rung; Verwertbarkeit der Arbeitsf\u00e4higkeit auf dem ausgeglichenen Arbeitsmarktes; Schadenminderungspflicht."}], "ScrapyJob": "446973/33/117", "Zeit UTC": "21.02.2021 00:59:07", "Checksum": "91fb074228045e6c90a5e85c9da1600c"}