{"Signatur": "ZH_SVG_001", "Spider": "ZH_Sozialversicherungsgericht", "Sprache": "de", "Datum": "2009-09-09", "HTML": {"Datei": "ZH_Sozialversicherungsgericht/ZH_SVG_001_IV-2008-00166_2009-09-09.html", "URL": "https://chid003d.ideso.ch/c050018/svg/findexweb.nsf/urteil.xsp?uid=UWEE-9AR2LZ", "Checksum": "df915e4b0281dd200c9ed08fb6a3280f"}, "Num": ["IV.2008.00166"], "Kopfzeile": [{"Sprachen": ["de"], "Text": "Z\u00fcrich Sozialverischerungsgericht 09.09.2009 IV.2008.00166"}, {"Sprachen": ["fr"], "Text": "Zurich Sozialverischerungsgericht 09.09.2009 IV.2008.00166"}, {"Sprachen": ["it"], "Text": "Zurigo Sozialverischerungsgericht 09.09.2009 IV.2008.00166"}], "Meta": [{"Sprachen": ["de"], "Text": "Z\u00fcrich Sozialverischerungsgericht "}, {"Sprachen": ["fr"], "Text": "Zurich Sozialverischerungsgericht "}, {"Sprachen": ["it"], "Text": "Zurigo Sozialverischerungsgericht "}], "Abstract": [{"Sprachen": ["de", "fr", "it"], "Text": "Invalidit\u00e4tsbemessung bei Verminderung der Arbeitsf\u00e4higkeit in behinderungsangepassten T\u00e4tigkeiten aus psychischen Gr\u00fcnden"}], "ScrapyJob": "446973/33/117", "Zeit UTC": "21.02.2021 00:59:14", "Checksum": "e22a63ab116024e05499a0362ce699e0"}