{"Signatur": "ZH_SVG_001", "Spider": "ZH_Sozialversicherungsgericht", "Sprache": "de", "Datum": "2009-02-26", "HTML": {"Datei": "ZH_Sozialversicherungsgericht/ZH_SVG_001_IV-2008-00622_2009-02-26.html", "URL": "https://findex.webgate.cloud/entscheide/IV.2008.00622.html", "Checksum": "ae01ef91e1980c031c93f6f7bebe8907"}, "Scrapedate": "2023-01-01", "Num": ["IV.2008.00622"], "Kopfzeile": [{"Sprachen": ["de"], "Text": "Z\u00fcrich Sozialversicherungsgericht 26.02.2009 IV.2008.00622"}, {"Sprachen": ["fr"], "Text": "Zurich Sozialversicherungsgericht 26.02.2009 IV.2008.00622"}, {"Sprachen": ["it"], "Text": "Zurigo Sozialversicherungsgericht 26.02.2009 IV.2008.00622"}], "Meta": [{"Sprachen": ["de"], "Text": "Z\u00fcrich Sozialversicherungsgericht "}, {"Sprachen": ["fr"], "Text": "Zurich Sozialversicherungsgericht "}, {"Sprachen": ["it"], "Text": "Zurigo Sozialversicherungsgericht "}], "Abstract": [{"Sprachen": ["de", "fr", "it"], "Text": "Integrationsmassnahmen; v.a.f\u00fcr Versicherte, die psychisch bedingt in Arbeitsf\u00e4higkeit eingeschr\u00e4nkt sind. Bei den \u00fcbrigen vP ist Eingliederungsf\u00e4higkeit zu vermuten. (BGE 8C_303/2009)"}], "ScrapyJob": "446973/33/1864", "Zeit UTC": "06.05.2025 03:41:12", "Checksum": "02381da980f6fd9753cb3baa850db1fd"}