{"Signatur": "ZH_SVG_001", "Spider": "ZH_Sozialversicherungsgericht", "Sprache": "de", "Datum": "2009-02-27", "HTML": {"Datei": "ZH_Sozialversicherungsgericht/ZH_SVG_001_IV-2008-00622_2009-02-27.html", "URL": "https://chid003d.ideso.ch/c050018/svg/findexweb.nsf/urteil.xsp?uid=UWEE-9AQVGV", "Checksum": "504a2597a866efd361fb3e3b6d84bf95"}, "Num": ["IV.2008.00622"], "Kopfzeile": [{"Sprachen": ["de"], "Text": "Z\u00fcrich Sozialverischerungsgericht 27.02.2009 IV.2008.00622"}, {"Sprachen": ["fr"], "Text": "Zurich Sozialverischerungsgericht 27.02.2009 IV.2008.00622"}, {"Sprachen": ["it"], "Text": "Zurigo Sozialverischerungsgericht 27.02.2009 IV.2008.00622"}], "Meta": [{"Sprachen": ["de"], "Text": "Z\u00fcrich Sozialverischerungsgericht "}, {"Sprachen": ["fr"], "Text": "Zurich Sozialverischerungsgericht "}, {"Sprachen": ["it"], "Text": "Zurigo Sozialverischerungsgericht "}], "Abstract": [{"Sprachen": ["de", "fr", "it"], "Text": "Integrationsmassnahmen; v.a.f\u00fcr Versicherte, die psychisch bedingt in Arbeitsf\u00e4higkeit eingeschr\u00e4nkt sind. Bei den \u00fcbrigen vP ist Eingliederungsf\u00e4higkeit zu vermuten."}], "ScrapyJob": "446973/33/117", "Zeit UTC": "21.02.2021 00:59:47", "Checksum": "3bb4115d8a199dbdbe23469425a723c8"}