{"Signatur": "ZH_SVG_001", "Spider": "ZH_Sozialversicherungsgericht", "Sprache": "de", "Datum": "2009-09-07", "HTML": {"Datei": "ZH_Sozialversicherungsgericht/ZH_SVG_001_IV-2008-00660_2009-09-07.html", "URL": "https://chid003d.ideso.ch/c050018/svg/findexweb.nsf/urteil.xsp?uid=UWEE-9AR2MG", "Checksum": "41e550702f87702ce1d060bd0a5046e1"}, "Num": ["IV.2008.00660"], "Kopfzeile": [{"Sprachen": ["de"], "Text": "Z\u00fcrich Sozialverischerungsgericht 07.09.2009 IV.2008.00660"}, {"Sprachen": ["fr"], "Text": "Zurich Sozialverischerungsgericht 07.09.2009 IV.2008.00660"}, {"Sprachen": ["it"], "Text": "Zurigo Sozialverischerungsgericht 07.09.2009 IV.2008.00660"}], "Meta": [{"Sprachen": ["de"], "Text": "Z\u00fcrich Sozialverischerungsgericht "}, {"Sprachen": ["fr"], "Text": "Zurich Sozialverischerungsgericht "}, {"Sprachen": ["it"], "Text": "Zurigo Sozialverischerungsgericht "}], "Abstract": [{"Sprachen": ["de", "fr", "it"], "Text": "Invalidit\u00e4tsbemessung; auch aus psychiatrischer Sicht keine Einschr\u00e4nkung der Arbeitsf\u00e4higkeit, Depression im Zusammenhang mit soziokulturellen Umst\u00e4nden"}], "ScrapyJob": "446973/33/117", "Zeit UTC": "21.02.2021 00:59:50", "Checksum": "e2454525029159d0bfa84cbd3ba5c640"}