{"Signatur": "ZH_SVG_001", "Spider": "ZH_Sozialversicherungsgericht", "Sprache": "de", "Datum": "2008-09-16", "HTML": {"Datei": "ZH_Sozialversicherungsgericht/ZH_SVG_001_IV-2008-00697_2008-09-16.html", "URL": "https://chid003d.ideso.ch/c050018/svg/findexweb.nsf/urteil.xsp?uid=UWEE-9AQULD", "Checksum": "1010506d055ca9bb6a1e40617bc94346"}, "Num": ["IV.2008.00697"], "Kopfzeile": [{"Sprachen": ["de"], "Text": "Z\u00fcrich Sozialverischerungsgericht 16.09.2008 IV.2008.00697"}, {"Sprachen": ["fr"], "Text": "Zurich Sozialverischerungsgericht 16.09.2008 IV.2008.00697"}, {"Sprachen": ["it"], "Text": "Zurigo Sozialverischerungsgericht 16.09.2008 IV.2008.00697"}], "Meta": [{"Sprachen": ["de"], "Text": "Z\u00fcrich Sozialverischerungsgericht "}, {"Sprachen": ["fr"], "Text": "Zurich Sozialverischerungsgericht "}, {"Sprachen": ["it"], "Text": "Zurigo Sozialverischerungsgericht "}], "Abstract": [{"Sprachen": ["de", "fr", "it"], "Text": "Berufliche Massnahme abgelehnt ohne Begr\u00fcndung, weshalb diese nicht eingliederungswirksam sein soll. Zudem keine Berufsberatung durchgef\u00fchrt. R\u00fcckweisung. "}], "ScrapyJob": "446973/33/117", "Zeit UTC": "21.02.2021 00:59:54", "Checksum": "43d59d670c3697791e0ef3c8ede5886e"}