{"Signatur": "ZH_SVG_001", "Spider": "ZH_Sozialversicherungsgericht", "Sprache": "de", "Datum": "2010-02-26", "HTML": {"Datei": "ZH_Sozialversicherungsgericht/ZH_SVG_001_IV-2009-00083_2010-02-26.html", "URL": "https://chid003d.ideso.ch/c050018/svg/findexweb.nsf/urteil.xsp?uid=UWEE-9AR3JX", "Checksum": "f9e69de535f499f089c66cbbe083bb88"}, "Num": ["IV.2009.00083"], "Kopfzeile": [{"Sprachen": ["de"], "Text": "Z\u00fcrich Sozialverischerungsgericht 26.02.2010 IV.2009.00083"}, {"Sprachen": ["fr"], "Text": "Zurich Sozialverischerungsgericht 26.02.2010 IV.2009.00083"}, {"Sprachen": ["it"], "Text": "Zurigo Sozialverischerungsgericht 26.02.2010 IV.2009.00083"}], "Meta": [{"Sprachen": ["de"], "Text": "Z\u00fcrich Sozialverischerungsgericht "}, {"Sprachen": ["fr"], "Text": "Zurich Sozialverischerungsgericht "}, {"Sprachen": ["it"], "Text": "Zurigo Sozialverischerungsgericht "}], "Abstract": [{"Sprachen": ["de", "fr", "it"], "Text": "Spesenentsch\u00e4digung ist in der Regel nicht zu ber\u00fccksichtigen bei der Bemessung des Valideneinkommens; Invalideneinkommen anhand des tats\u00e4chlichen Lohnes"}], "ScrapyJob": "446973/33/117", "Zeit UTC": "21.02.2021 00:56:29", "Checksum": "fd630e51f35227559b850572b356445c"}