{"Signatur": "ZH_SVG_001", "Spider": "ZH_Sozialversicherungsgericht", "Sprache": "de", "Datum": "2010-03-25", "HTML": {"Datei": "ZH_Sozialversicherungsgericht/ZH_SVG_001_IV-2009-00195_2010-03-25.html", "URL": "https://chid003d.ideso.ch/c050018/svg/findexweb.nsf/urteil.xsp?uid=UWEE-9AR3S4", "Checksum": "14d26f18375db8b9472d117dbec727ed"}, "Num": ["IV.2009.00195"], "Kopfzeile": [{"Sprachen": ["de"], "Text": "Z\u00fcrich Sozialverischerungsgericht 25.03.2010 IV.2009.00195"}, {"Sprachen": ["fr"], "Text": "Zurich Sozialverischerungsgericht 25.03.2010 IV.2009.00195"}, {"Sprachen": ["it"], "Text": "Zurigo Sozialverischerungsgericht 25.03.2010 IV.2009.00195"}], "Meta": [{"Sprachen": ["de"], "Text": "Z\u00fcrich Sozialverischerungsgericht "}, {"Sprachen": ["fr"], "Text": "Zurich Sozialverischerungsgericht "}, {"Sprachen": ["it"], "Text": "Zurigo Sozialverischerungsgericht "}], "Abstract": [{"Sprachen": ["de", "fr", "it"], "Text": "23j\u00e4hriger Bf mit angeborener Sichelzellerkrankung, Einstieg in Arbeitsprozess noch nicht gelungen, R\u00fcckweisung zur Pr\u00fcfung beruflicher Massnahmen"}], "ScrapyJob": "446973/33/117", "Zeit UTC": "21.02.2021 00:56:36", "Checksum": "3541639886d478570df395043850cafc"}