{"Signatur": "ZH_SVG_001", "Spider": "ZH_Sozialversicherungsgericht", "Sprache": "de", "Datum": "2011-01-31", "HTML": {"Datei": "ZH_Sozialversicherungsgericht/ZH_SVG_001_IV-2010-00258_2011-01-31.html", "URL": "https://chid003d.ideso.ch/c050018/svg/findexweb.nsf/urteil.xsp?uid=UWEE-9AR5EY", "Checksum": "708a60466b56a06e478a41cd0bc9ccdf"}, "Num": ["IV.2010.00258"], "Kopfzeile": [{"Sprachen": ["de"], "Text": "Z\u00fcrich Sozialverischerungsgericht 31.01.2011 IV.2010.00258"}, {"Sprachen": ["fr"], "Text": "Zurich Sozialverischerungsgericht 31.01.2011 IV.2010.00258"}, {"Sprachen": ["it"], "Text": "Zurigo Sozialverischerungsgericht 31.01.2011 IV.2010.00258"}], "Meta": [{"Sprachen": ["de"], "Text": "Z\u00fcrich Sozialverischerungsgericht "}, {"Sprachen": ["fr"], "Text": "Zurich Sozialverischerungsgericht "}, {"Sprachen": ["it"], "Text": "Zurigo Sozialverischerungsgericht "}], "Abstract": [{"Sprachen": ["de", "fr", "it"], "Text": "Grunds\u00e4tzlicher Anspruch auf berufliche Massnahmen trotz hoher gesundheits- bedingter Absenzen w\u00e4hrend Befas bejaht, keine allgemeine Eingliederungs- unf\u00e4higkeit."}], "ScrapyJob": "446973/33/117", "Zeit UTC": "21.02.2021 00:14:23", "Checksum": "2ab77c58cafa41db745f9b69a6ea3cf4"}