{"Signatur": "ZH_SVG_001", "Spider": "ZH_Sozialversicherungsgericht", "Sprache": "de", "Datum": "2011-10-18", "HTML": {"Datei": "ZH_Sozialversicherungsgericht/ZH_SVG_001_IV-2010-00645_2011-10-18.html", "URL": "https://chid003d.ideso.ch/c050018/svg/findexweb.nsf/urteil.xsp?uid=UWEE-9AR6WK", "Checksum": "7b1b8b05043840ab6fecde7cd4b5d1df"}, "Num": ["IV.2010.00645"], "Kopfzeile": [{"Sprachen": ["de"], "Text": "Z\u00fcrich Sozialverischerungsgericht 18.10.2011 IV.2010.00645"}, {"Sprachen": ["fr"], "Text": "Zurich Sozialverischerungsgericht 18.10.2011 IV.2010.00645"}, {"Sprachen": ["it"], "Text": "Zurigo Sozialverischerungsgericht 18.10.2011 IV.2010.00645"}], "Meta": [{"Sprachen": ["de"], "Text": "Z\u00fcrich Sozialverischerungsgericht "}, {"Sprachen": ["fr"], "Text": "Zurich Sozialverischerungsgericht "}, {"Sprachen": ["it"], "Text": "Zurigo Sozialverischerungsgericht "}], "Abstract": [{"Sprachen": ["de", "fr", "it"], "Text": "Kein Taggeld w\u00e4hrend der 1-j\u00e4hr. Ausbildung zur Textilfachfrau, da es sich um eine berufliche Weiterausbildung, nicht um eine notwendige Erg\u00e4nzung der Berufslehre handelt"}], "ScrapyJob": "446973/33/117", "Zeit UTC": "21.02.2021 00:14:15", "Checksum": "c21e176dccb1e71825e281bac0ff8c33"}