{"Signatur": "ZH_SVG_001", "Spider": "ZH_Sozialversicherungsgericht", "Sprache": "de", "Datum": "2010-11-01", "HTML": {"Datei": "ZH_Sozialversicherungsgericht/ZH_SVG_001_IV-2010-00663_2010-11-01.html", "URL": "https://chid003d.ideso.ch/c050018/svg/findexweb.nsf/urteil.xsp?uid=UWEE-9AR4XH", "Checksum": "909f2eb8f9f15e545681227f13866a94"}, "Num": ["IV.2010.00663"], "Kopfzeile": [{"Sprachen": ["de"], "Text": "Z\u00fcrich Sozialverischerungsgericht 01.11.2010 IV.2010.00663"}, {"Sprachen": ["fr"], "Text": "Zurich Sozialverischerungsgericht 01.11.2010 IV.2010.00663"}, {"Sprachen": ["it"], "Text": "Zurigo Sozialverischerungsgericht 01.11.2010 IV.2010.00663"}], "Meta": [{"Sprachen": ["de"], "Text": "Z\u00fcrich Sozialverischerungsgericht "}, {"Sprachen": ["fr"], "Text": "Zurich Sozialverischerungsgericht "}, {"Sprachen": ["it"], "Text": "Zurigo Sozialverischerungsgericht "}], "Abstract": [{"Sprachen": ["de", "fr", "it"], "Text": "Arbeitsf\u00e4higkeit; berufliche Massnahmen: nach Verf\u00fcgungszeitpunkt Hinweise auf ver\u00e4nderte subjektive Eingliederungsf\u00e4higkeit, diesbzgl. \u00dcberweisung an BGin"}], "ScrapyJob": "446973/33/117", "Zeit UTC": "21.02.2021 00:53:53", "Checksum": "79ed0e5b69597d57dd10b05925c41d26"}