{"Signatur": "ZH_SVG_001", "Spider": "ZH_Sozialversicherungsgericht", "Sprache": "de", "Datum": "2012-01-27", "HTML": {"Datei": "ZH_Sozialversicherungsgericht/ZH_SVG_001_IV-2010-00741_2012-01-27.html", "URL": "https://chid003d.ideso.ch/c050018/svg/findexweb.nsf/urteil.xsp?uid=UWEE-9AR7Y6", "Checksum": "3c41537505cee77d070a3f4e4ace75d4"}, "Num": ["IV.2010.00741"], "Kopfzeile": [{"Sprachen": ["de"], "Text": "Z\u00fcrich Sozialverischerungsgericht 27.01.2012 IV.2010.00741"}, {"Sprachen": ["fr"], "Text": "Zurich Sozialverischerungsgericht 27.01.2012 IV.2010.00741"}, {"Sprachen": ["it"], "Text": "Zurigo Sozialverischerungsgericht 27.01.2012 IV.2010.00741"}], "Meta": [{"Sprachen": ["de"], "Text": "Z\u00fcrich Sozialverischerungsgericht "}, {"Sprachen": ["fr"], "Text": "Zurich Sozialverischerungsgericht "}, {"Sprachen": ["it"], "Text": "Zurigo Sozialverischerungsgericht "}], "Abstract": [{"Sprachen": ["de", "fr", "it"], "Text": "Aufhebung der w\u00e4hrend \u00fcber 15 Jahren bezogenen Rente ist unzul\u00e4ssig, da keine gen\u00fcgende Eingliederungsmassnahmen durchgef\u00fchrt wurden"}], "ScrapyJob": "446973/33/117", "Zeit UTC": "21.02.2021 00:53:58", "Checksum": "a1f9810674345d834543292c4c1590d7"}