{"Signatur": "ZH_SVG_001", "Spider": "ZH_Sozialversicherungsgericht", "Sprache": "de", "Datum": "2011-02-28", "HTML": {"Datei": "ZH_Sozialversicherungsgericht/ZH_SVG_001_IV-2010-00956_2011-02-28.html", "URL": "https://chid003d.ideso.ch/c050018/svg/findexweb.nsf/urteil.xsp?uid=UWEE-9AR5HR", "Checksum": "2419ecc5e1eed371f9f1211a1f0ba4d9"}, "Num": ["IV.2010.00956"], "Kopfzeile": [{"Sprachen": ["de"], "Text": "Z\u00fcrich Sozialverischerungsgericht 28.02.2011 IV.2010.00956"}, {"Sprachen": ["fr"], "Text": "Zurich Sozialverischerungsgericht 28.02.2011 IV.2010.00956"}, {"Sprachen": ["it"], "Text": "Zurigo Sozialverischerungsgericht 28.02.2011 IV.2010.00956"}], "Meta": [{"Sprachen": ["de"], "Text": "Z\u00fcrich Sozialverischerungsgericht "}, {"Sprachen": ["fr"], "Text": "Zurich Sozialverischerungsgericht "}, {"Sprachen": ["it"], "Text": "Zurigo Sozialverischerungsgericht "}], "Abstract": [{"Sprachen": ["de", "fr", "it"], "Text": "Berufliche Massnahmen. Keine Kosten\u00fcbernahme f\u00fcr eine erstmalige berufliche Ausbildung, welche den F\u00e4higkeiten des Versicherten nicht entspricht."}], "ScrapyJob": "446973/33/117", "Zeit UTC": "21.02.2021 00:54:10", "Checksum": "f69ef25bf6d436dd7a8312faa0874004"}