{"Signatur": "ZH_SVG_001", "Spider": "ZH_Sozialversicherungsgericht", "Sprache": "de", "Datum": "2011-09-26", "HTML": {"Datei": "ZH_Sozialversicherungsgericht/ZH_SVG_001_IV-2010-00997_2011-09-26.html", "URL": "https://chid003d.ideso.ch/c050018/svg/findexweb.nsf/urteil.xsp?uid=UWEE-9AR7VX", "Checksum": "cd246c9ceaffa2537d7ed6112bd5d11b"}, "Num": ["IV.2010.00997"], "Kopfzeile": [{"Sprachen": ["de"], "Text": "Z\u00fcrich Sozialverischerungsgericht 26.09.2011 IV.2010.00997"}, {"Sprachen": ["fr"], "Text": "Zurich Sozialverischerungsgericht 26.09.2011 IV.2010.00997"}, {"Sprachen": ["it"], "Text": "Zurigo Sozialverischerungsgericht 26.09.2011 IV.2010.00997"}], "Meta": [{"Sprachen": ["de"], "Text": "Z\u00fcrich Sozialverischerungsgericht "}, {"Sprachen": ["fr"], "Text": "Zurich Sozialverischerungsgericht "}, {"Sprachen": ["it"], "Text": "Zurigo Sozialverischerungsgericht "}], "Abstract": [{"Sprachen": ["de", "fr", "it"], "Text": "Durchf\u00fchrung \u00f6ff. Vh. nach EMRK 6 I, keine Vorladung von behandelndem Arzt als Sachverst\u00e4ndiger, keine Eingliederungsmassnahmen bei Rentenaufhebung"}], "ScrapyJob": "446973/33/117", "Zeit UTC": "21.02.2021 00:14:10", "Checksum": "08188e27e58a4831b18984126f0d6abb"}