{"Signatur": "ZH_SVG_001", "Spider": "ZH_Sozialversicherungsgericht", "Sprache": "de", "Datum": "2011-12-23", "HTML": {"Datei": "ZH_Sozialversicherungsgericht/ZH_SVG_001_IV-2010-01202_2011-12-23.html", "URL": "https://chid003d.ideso.ch/c050018/svg/findexweb.nsf/urteil.xsp?uid=UWEE-9AR7TD", "Checksum": "c5903579a7c7c29c12072f53b51dc044"}, "Num": ["IV.2010.01202"], "Kopfzeile": [{"Sprachen": ["de"], "Text": "Z\u00fcrich Sozialverischerungsgericht 23.12.2011 IV.2010.01202"}, {"Sprachen": ["fr"], "Text": "Zurich Sozialverischerungsgericht 23.12.2011 IV.2010.01202"}, {"Sprachen": ["it"], "Text": "Zurigo Sozialverischerungsgericht 23.12.2011 IV.2010.01202"}], "Meta": [{"Sprachen": ["de"], "Text": "Z\u00fcrich Sozialverischerungsgericht "}, {"Sprachen": ["fr"], "Text": "Zurich Sozialverischerungsgericht "}, {"Sprachen": ["it"], "Text": "Zurigo Sozialverischerungsgericht "}], "Abstract": [{"Sprachen": ["de", "fr", "it"], "Text": "Abstellen auf MEDAS-Gutachten statt Privatgutachten; Rentenleistungen k\u00f6nnen fr\u00fchestens ab dem Monat zur Ausrichtung gelangen, in dem die fr\u00fchere Verf\u00fcgung erging."}], "ScrapyJob": "446973/33/117", "Zeit UTC": "21.02.2021 00:14:04", "Checksum": "f1ac60692a7898681d7c070144aa78d7"}