{"Signatur": "ZH_SVG_001", "Spider": "ZH_Sozialversicherungsgericht", "Sprache": "de", "Datum": "2011-09-14", "HTML": {"Datei": "ZH_Sozialversicherungsgericht/ZH_SVG_001_IV-2011-00117_2011-09-14.html", "URL": "https://chid003d.ideso.ch/c050018/svg/findexweb.nsf/urteil.xsp?uid=UWEE-9AR6RZ", "Checksum": "4c36f605bdc331fbb9abd6f2a1cce3a6"}, "Num": ["IV.2011.00117"], "Kopfzeile": [{"Sprachen": ["de"], "Text": "Z\u00fcrich Sozialverischerungsgericht 14.09.2011 IV.2011.00117"}, {"Sprachen": ["fr"], "Text": "Zurich Sozialverischerungsgericht 14.09.2011 IV.2011.00117"}, {"Sprachen": ["it"], "Text": "Zurigo Sozialverischerungsgericht 14.09.2011 IV.2011.00117"}], "Meta": [{"Sprachen": ["de"], "Text": "Z\u00fcrich Sozialverischerungsgericht "}, {"Sprachen": ["fr"], "Text": "Zurich Sozialverischerungsgericht "}, {"Sprachen": ["it"], "Text": "Zurigo Sozialverischerungsgericht "}], "Abstract": [{"Sprachen": ["de", "fr", "it"], "Text": "erstmalige berufliche Ausbildung, Eingliederungsmassnahmen, R\u00fcckweisung zur erg\u00e4nzenden Abkl\u00e4rung "}], "ScrapyJob": "446973/33/117", "Zeit UTC": "21.02.2021 00:15:22", "Checksum": "1147ed020a0df513149ea2adb820bdb2"}