{"Signatur": "ZH_SVG_001", "Spider": "ZH_Sozialversicherungsgericht", "Sprache": "de", "Datum": "2012-07-17", "HTML": {"Datei": "ZH_Sozialversicherungsgericht/ZH_SVG_001_IV-2011-00559_2012-07-17.html", "URL": "https://chid003d.ideso.ch/c050018/svg/findexweb.nsf/urteil.xsp?uid=UWEE-9AR8KD", "Checksum": "81d9164e300d9993b27d9eee08d417ae"}, "Num": ["IV.2011.00559"], "Kopfzeile": [{"Sprachen": ["de"], "Text": "Z\u00fcrich Sozialverischerungsgericht 17.07.2012 IV.2011.00559"}, {"Sprachen": ["fr"], "Text": "Zurich Sozialverischerungsgericht 17.07.2012 IV.2011.00559"}, {"Sprachen": ["it"], "Text": "Zurigo Sozialverischerungsgericht 17.07.2012 IV.2011.00559"}], "Meta": [{"Sprachen": ["de"], "Text": "Z\u00fcrich Sozialverischerungsgericht "}, {"Sprachen": ["fr"], "Text": "Zurich Sozialverischerungsgericht "}, {"Sprachen": ["it"], "Text": "Zurigo Sozialverischerungsgericht "}], "Abstract": [{"Sprachen": ["de", "fr", "it"], "Text": "Leidensbedingter Abzug, Teilzeitabzug ist bei vollzeitlich Arbeitsf\u00e4higen mit verminderter Leistungsf\u00e4higkeit nicht zu gew\u00e4hren, Anforderungsniveau strittig"}], "ScrapyJob": "446973/33/117", "Zeit UTC": "21.02.2021 00:15:13", "Checksum": "ede605b046c889b3b909ef96fc860132"}