{"Signatur": "ZH_SVG_001", "Spider": "ZH_Sozialversicherungsgericht", "Sprache": "de", "Datum": "2013-05-07", "HTML": {"Datei": "ZH_Sozialversicherungsgericht/ZH_SVG_001_IV-2011-00861_2013-05-07.html", "URL": "https://chid003d.ideso.ch/c050018/svg/findexweb.nsf/urteil.xsp?uid=UWEE-9AR9YC", "Checksum": "89c24c9e1a1d365248cb54eb18f9a2c3"}, "Num": ["IV.2011.00861"], "Kopfzeile": [{"Sprachen": ["de"], "Text": "Z\u00fcrich Sozialverischerungsgericht 07.05.2013 IV.2011.00861"}, {"Sprachen": ["fr"], "Text": "Zurich Sozialverischerungsgericht 07.05.2013 IV.2011.00861"}, {"Sprachen": ["it"], "Text": "Zurigo Sozialverischerungsgericht 07.05.2013 IV.2011.00861"}], "Meta": [{"Sprachen": ["de"], "Text": "Z\u00fcrich Sozialverischerungsgericht "}, {"Sprachen": ["fr"], "Text": "Zurich Sozialverischerungsgericht "}, {"Sprachen": ["it"], "Text": "Zurigo Sozialverischerungsgericht "}], "Abstract": [{"Sprachen": ["de", "fr", "it"], "Text": "Rentenherabsetzung nach langj\u00e4hrigem Bezug bei \u00fcber 57-j\u00e4hrigen Versicherten: vorg\u00e4ngige Pr\u00fcfung von Eingliederungsmassnahmen erforderlich."}], "ScrapyJob": "446973/33/117", "Zeit UTC": "21.02.2021 00:51:50", "Checksum": "dc2fb6da1babf8f4a740fc5231dfc909"}