{"Signatur": "ZH_SVG_001", "Spider": "ZH_Sozialversicherungsgericht", "Sprache": "de", "Datum": "2013-03-04", "HTML": {"Datei": "ZH_Sozialversicherungsgericht/ZH_SVG_001_IV-2011-01239_2013-03-04.html", "URL": "https://chid003d.ideso.ch/c050018/svg/findexweb.nsf/urteil.xsp?uid=UWEE-9AR9XZ", "Checksum": "1ae23c455c1040ffa9cfb6b6b960aedf"}, "Num": ["IV.2011.01239"], "Kopfzeile": [{"Sprachen": ["de"], "Text": "Z\u00fcrich Sozialverischerungsgericht 04.03.2013 IV.2011.01239"}, {"Sprachen": ["fr"], "Text": "Zurich Sozialverischerungsgericht 04.03.2013 IV.2011.01239"}, {"Sprachen": ["it"], "Text": "Zurigo Sozialverischerungsgericht 04.03.2013 IV.2011.01239"}], "Meta": [{"Sprachen": ["de"], "Text": "Z\u00fcrich Sozialverischerungsgericht "}, {"Sprachen": ["fr"], "Text": "Zurich Sozialverischerungsgericht "}, {"Sprachen": ["it"], "Text": "Zurigo Sozialverischerungsgericht "}], "Abstract": [{"Sprachen": ["de", "fr", "it"], "Text": "Keine versicherungsrelevante AUF. Mangels fach\u00e4rztlich best\u00e4tigter AUF wurde auch kein Wartejahr er\u00f6ffnet. K\u00fcrzung Honorarnote."}], "ScrapyJob": "446973/33/117", "Zeit UTC": "21.02.2021 00:14:51", "Checksum": "d706a216789ec547f4ee04dfc8837b09"}