{"Signatur": "ZH_SVG_001", "Spider": "ZH_Sozialversicherungsgericht", "Sprache": "de", "Datum": "2013-04-30", "HTML": {"Datei": "ZH_Sozialversicherungsgericht/ZH_SVG_001_IV-2011-01358_2013-04-30.html", "URL": "https://chid003d.ideso.ch/c050018/svg/findexweb.nsf/urteil.xsp?uid=UWEE-9AR9Z9", "Checksum": "061107f6b128a08c628bf7e43814e8d4"}, "Num": ["IV.2011.01358"], "Kopfzeile": [{"Sprachen": ["de"], "Text": "Z\u00fcrich Sozialverischerungsgericht 30.04.2013 IV.2011.01358"}, {"Sprachen": ["fr"], "Text": "Zurich Sozialverischerungsgericht 30.04.2013 IV.2011.01358"}, {"Sprachen": ["it"], "Text": "Zurigo Sozialverischerungsgericht 30.04.2013 IV.2011.01358"}], "Meta": [{"Sprachen": ["de"], "Text": "Z\u00fcrich Sozialverischerungsgericht "}, {"Sprachen": ["fr"], "Text": "Zurich Sozialverischerungsgericht "}, {"Sprachen": ["it"], "Text": "Zurigo Sozialverischerungsgericht "}], "Abstract": [{"Sprachen": ["de", "fr", "it"], "Text": "Ohne Eingliederungsmassnahmen keine Rentenherabsetzung bei \u00fcber 55-j\u00e4hrigen Versicherten oder solchen, welche bereits w\u00e4hrend 15 Jahren eine Rente bezogen. Gutheissung"}], "ScrapyJob": "446973/33/117", "Zeit UTC": "21.02.2021 00:52:24", "Checksum": "f493c85cef0e3d8e5e2ade6b41fb6325"}