{"Signatur": "ZH_SVG_001", "Spider": "ZH_Sozialversicherungsgericht", "Sprache": "de", "Datum": "2013-02-27", "HTML": {"Datei": "ZH_Sozialversicherungsgericht/ZH_SVG_001_IV-2013-00014_2013-02-27.html", "URL": "https://findex.webgate.cloud/entscheide/IV.2013.00014.html", "Checksum": "11b156d6438d495473b14873cca3ec57"}, "Scrapedate": "2023-01-01", "Num": ["IV.2013.00014"], "Kopfzeile": [{"Sprachen": ["de"], "Text": "Z\u00fcrich Sozialversicherungsgericht 27.02.2013 IV.2013.00014"}, {"Sprachen": ["fr"], "Text": "Zurich Sozialversicherungsgericht 27.02.2013 IV.2013.00014"}, {"Sprachen": ["it"], "Text": "Zurigo Sozialversicherungsgericht 27.02.2013 IV.2013.00014"}], "Meta": [{"Sprachen": ["de"], "Text": "Z\u00fcrich Sozialversicherungsgericht "}, {"Sprachen": ["fr"], "Text": "Zurich Sozialversicherungsgericht "}, {"Sprachen": ["it"], "Text": "Zurigo Sozialversicherungsgericht "}], "Abstract": [{"Sprachen": ["de", "fr", "it"], "Text": "Ohne Eingliederungsmassnahmen keine Rentenherabsetzung bei \u00fcber 55-j\u00e4hrigen Versicherten oder solchen, welche bereits w\u00e4hrend 15 Jahren eine Rente bezogen. Gutheissung (BGE 9C_216/2013)"}], "ScrapyJob": "446973/33/1864", "Zeit UTC": "06.05.2025 03:03:48", "Checksum": "4426444c4246c86dcb33e1d5efbf8dc4"}