{"Signatur": "ZH_SVG_001", "Spider": "ZH_Sozialversicherungsgericht", "Sprache": "de", "Datum": "2014-03-07", "HTML": {"Datei": "ZH_Sozialversicherungsgericht/ZH_SVG_001_IV-2013-01178_2014-03-07.html", "URL": "https://findex.webgate.cloud/entscheide/IV.2013.01178.html", "Checksum": "695a65a670751794a340fdc7060bc92e"}, "Scrapedate": "2023-01-01", "Num": ["IV.2013.01178"], "Kopfzeile": [{"Sprachen": ["de"], "Text": "Z\u00fcrich Sozialversicherungsgericht 07.03.2014 IV.2013.01178"}, {"Sprachen": ["fr"], "Text": "Zurich Sozialversicherungsgericht 07.03.2014 IV.2013.01178"}, {"Sprachen": ["it"], "Text": "Zurigo Sozialversicherungsgericht 07.03.2014 IV.2013.01178"}], "Meta": [{"Sprachen": ["de"], "Text": "Z\u00fcrich Sozialversicherungsgericht "}, {"Sprachen": ["fr"], "Text": "Zurich Sozialversicherungsgericht "}, {"Sprachen": ["it"], "Text": "Zurigo Sozialversicherungsgericht "}], "Abstract": [{"Sprachen": ["de", "fr", "it"], "Text": "Grunds\u00e4tzlicher Anspruch auf berufliche Integrationsmassnahmen trotz hoher gesundheits- bedingter Absenzen w\u00e4hrend des Aufbautrainings bejaht; keine objektive oder subjektive Eingliederungsunf\u00e4higkeit. R\u00fcckweisung zur Kl\u00e4rung des medizinischen Sachverhalts."}], "ScrapyJob": "446973/33/1864", "Zeit UTC": "06.05.2025 02:54:52", "Checksum": "14280838a36597e463415c5f92aee933"}