{"Signatur": "ZH_SVG_001", "Spider": "ZH_Sozialversicherungsgericht", "Sprache": "de", "Datum": "2016-02-10", "HTML": {"Datei": "ZH_Sozialversicherungsgericht/ZH_SVG_001_IV-2015-00064_2016-02-10.html", "URL": "https://findex.webgate.cloud/entscheide/IV.2015.00064.html", "Checksum": "13a601252174cbd17b4dea7c62cedad9"}, "Scrapedate": "2023-01-01", "Num": ["IV.2015.00064"], "Kopfzeile": [{"Sprachen": ["de"], "Text": "Z\u00fcrich Sozialversicherungsgericht 10.02.2016 IV.2015.00064"}, {"Sprachen": ["fr"], "Text": "Zurich Sozialversicherungsgericht 10.02.2016 IV.2015.00064"}, {"Sprachen": ["it"], "Text": "Zurigo Sozialversicherungsgericht 10.02.2016 IV.2015.00064"}], "Meta": [{"Sprachen": ["de"], "Text": "Z\u00fcrich Sozialversicherungsgericht "}, {"Sprachen": ["fr"], "Text": "Zurich Sozialversicherungsgericht "}, {"Sprachen": ["it"], "Text": "Zurigo Sozialversicherungsgericht "}], "Abstract": [{"Sprachen": ["de", "fr", "it"], "Text": "Versicherter mit kognitiven Defiziten, beweistaugliches Gutachten attestiert f\u00fcr die gelernte T\u00e4tigkeit und eine Verweist\u00e4tigkeit eine volle Arbeitsf\u00e4higkeit; Abweisung. (BGE 9C_231/2016)"}], "ScrapyJob": "446973/33/1864", "Zeit UTC": "06.05.2025 03:09:25", "Checksum": "efb69cdb3823ac4038a80d8e03e13514"}