{"Signatur": "ZH_SVG_001", "Spider": "ZH_Sozialversicherungsgericht", "Sprache": "de", "Datum": "2016-10-14", "HTML": {"Datei": "ZH_Sozialversicherungsgericht/ZH_SVG_001_IV-2015-00117_2016-10-14.html", "URL": "https://findex.webgate.cloud/entscheide/IV.2015.00117.html", "Checksum": "ba2febfb8e2d99742f00b1b5df9af779"}, "Scrapedate": "2023-01-01", "Num": ["IV.2015.00117"], "Kopfzeile": [{"Sprachen": ["de"], "Text": "Z\u00fcrich Sozialversicherungsgericht 14.10.2016 IV.2015.00117"}, {"Sprachen": ["fr"], "Text": "Zurich Sozialversicherungsgericht 14.10.2016 IV.2015.00117"}, {"Sprachen": ["it"], "Text": "Zurigo Sozialversicherungsgericht 14.10.2016 IV.2015.00117"}], "Meta": [{"Sprachen": ["de"], "Text": "Z\u00fcrich Sozialversicherungsgericht "}, {"Sprachen": ["fr"], "Text": "Zurich Sozialversicherungsgericht "}, {"Sprachen": ["it"], "Text": "Zurigo Sozialversicherungsgericht "}], "Abstract": [{"Sprachen": ["de", "fr", "it"], "Text": "Arbeitsf\u00e4higkeit ist nicht medizinisch-theoretisch, sondern konkret, unter Ber\u00fccksichtigung der pers\u00f6nlichen Verh\u00e4ltnisse des Versicherten, zu bemessen."}], "ScrapyJob": "446973/33/1864", "Zeit UTC": "06.05.2025 02:54:31", "Checksum": "d8a66fdddae2761d87c1ee9779f87e2d"}