{"Signatur": "ZH_SVG_001", "Spider": "ZH_Sozialversicherungsgericht", "Sprache": "de", "Datum": "2016-09-30", "HTML": {"Datei": "ZH_Sozialversicherungsgericht/ZH_SVG_001_IV-2015-00225_2016-09-30.html", "URL": "https://findex.webgate.cloud/entscheide/IV.2015.00225.html", "Checksum": "d9ef5485e4d00714fb8f4fe37a0262eb"}, "Scrapedate": "2023-01-01", "Num": ["IV.2015.00225"], "Kopfzeile": [{"Sprachen": ["de"], "Text": "Z\u00fcrich Sozialversicherungsgericht 30.09.2016 IV.2015.00225"}, {"Sprachen": ["fr"], "Text": "Zurich Sozialversicherungsgericht 30.09.2016 IV.2015.00225"}, {"Sprachen": ["it"], "Text": "Zurigo Sozialversicherungsgericht 30.09.2016 IV.2015.00225"}], "Meta": [{"Sprachen": ["de"], "Text": "Z\u00fcrich Sozialversicherungsgericht "}, {"Sprachen": ["fr"], "Text": "Zurich Sozialversicherungsgericht "}, {"Sprachen": ["it"], "Text": "Zurigo Sozialversicherungsgericht "}], "Abstract": [{"Sprachen": ["de", "fr", "it"], "Text": "Anpassungsst\u00f6rung mit depressiver Reaktion und akzentuierte Pers\u00f6nlichkeitsz\u00fcge stellen praxisgem\u00e4ss kein invalidisierendes Leiden dar und es sind keine Gr\u00fcnde gegeben, abweichend von dieser Praxis zu entscheiden. "}], "ScrapyJob": "446973/33/1864", "Zeit UTC": "06.05.2025 03:16:30", "Checksum": "e53a541a2314d48118ae0fc09d01e168"}