{"Signatur": "ZH_SVG_001", "Spider": "ZH_Sozialversicherungsgericht", "Sprache": "de", "Datum": "2016-10-31", "HTML": {"Datei": "ZH_Sozialversicherungsgericht/ZH_SVG_001_IV-2015-00483_2016-10-31.html", "URL": "https://findex.webgate.cloud/entscheide/IV.2015.00483.html", "Checksum": "397a2ac4bbc44ff0c75314f7c57d929b"}, "Scrapedate": "2023-01-01", "Num": ["IV.2015.00483"], "Kopfzeile": [{"Sprachen": ["de"], "Text": "Z\u00fcrich Sozialversicherungsgericht 31.10.2016 IV.2015.00483"}, {"Sprachen": ["fr"], "Text": "Zurich Sozialversicherungsgericht 31.10.2016 IV.2015.00483"}, {"Sprachen": ["it"], "Text": "Zurigo Sozialversicherungsgericht 31.10.2016 IV.2015.00483"}], "Meta": [{"Sprachen": ["de"], "Text": "Z\u00fcrich Sozialversicherungsgericht "}, {"Sprachen": ["fr"], "Text": "Zurich Sozialversicherungsgericht "}, {"Sprachen": ["it"], "Text": "Zurigo Sozialversicherungsgericht "}], "Abstract": [{"Sprachen": ["de", "fr", "it"], "Text": "RAD-Arzt bejaht Arbeitsf\u00e4higkeit in angestammter T\u00e4tigkeit, Belastungsprofil ist mit dieser aber nicht vereinbar, Stellungnahme RAD-Arzt damit nicht verwertbar. Psychiatrische Problematik nicht abgekl\u00e4rt. R\u00fcckweisung, um bidisziplin\u00e4res Gutachten einzuholen. "}], "ScrapyJob": "446973/33/1864", "Zeit UTC": "06.05.2025 02:22:22", "Checksum": "2e029c2c46ba6a6fa2c8c92fc748db8d"}