{"Signatur": "ZH_SVG_001", "Spider": "ZH_Sozialversicherungsgericht", "Sprache": "de", "Datum": "2016-03-30", "HTML": {"Datei": "ZH_Sozialversicherungsgericht/ZH_SVG_001_IV-2015-00590_2016-03-30.html", "URL": "https://findex.webgate.cloud/entscheide/IV.2015.00590.html", "Checksum": "6e995708349766b3bd7e2050a7be2306"}, "Scrapedate": "2023-01-01", "Num": ["IV.2015.00590"], "Kopfzeile": [{"Sprachen": ["de"], "Text": "Z\u00fcrich Sozialversicherungsgericht 30.03.2016 IV.2015.00590"}, {"Sprachen": ["fr"], "Text": "Zurich Sozialversicherungsgericht 30.03.2016 IV.2015.00590"}, {"Sprachen": ["it"], "Text": "Zurigo Sozialversicherungsgericht 30.03.2016 IV.2015.00590"}], "Meta": [{"Sprachen": ["de"], "Text": "Z\u00fcrich Sozialversicherungsgericht "}, {"Sprachen": ["fr"], "Text": "Zurich Sozialversicherungsgericht "}, {"Sprachen": ["it"], "Text": "Zurigo Sozialversicherungsgericht "}], "Abstract": [{"Sprachen": ["de", "fr", "it"], "Text": "Die mittelgradige depressive Episode ist im konkreten Fall nicht als invalidisierendes Leiden zu qualifizieren. Die Invalidit\u00e4tsbemessung und die Verneinung des Rentenanspruchs lediglich unter Ber\u00fccksichtigung der somatisch begr\u00fcndeten Arbeitsunf\u00e4higkeit war korrekt."}], "ScrapyJob": "446973/33/1864", "Zeit UTC": "06.05.2025 02:45:34", "Checksum": "e0f97e66950a86325f9ff365c7a23744"}