{"Signatur": "ZH_SVG_001", "Spider": "ZH_Sozialversicherungsgericht", "Sprache": "de", "Datum": "2016-04-22", "HTML": {"Datei": "ZH_Sozialversicherungsgericht/ZH_SVG_001_IV-2015-00873_2016-04-22.html", "URL": "https://findex.webgate.cloud/entscheide/IV.2015.00873.html", "Checksum": "56d2b605fc212ba7e25ebfa1934566ec"}, "Scrapedate": "2023-01-01", "Num": ["IV.2015.00873"], "Kopfzeile": [{"Sprachen": ["de"], "Text": "Z\u00fcrich Sozialversicherungsgericht 22.04.2016 IV.2015.00873"}, {"Sprachen": ["fr"], "Text": "Zurich Sozialversicherungsgericht 22.04.2016 IV.2015.00873"}, {"Sprachen": ["it"], "Text": "Zurigo Sozialversicherungsgericht 22.04.2016 IV.2015.00873"}], "Meta": [{"Sprachen": ["de"], "Text": "Z\u00fcrich Sozialversicherungsgericht "}, {"Sprachen": ["fr"], "Text": "Zurich Sozialversicherungsgericht "}, {"Sprachen": ["it"], "Text": "Zurigo Sozialversicherungsgericht "}], "Abstract": [{"Sprachen": ["de", "fr", "it"], "Text": "Dass die IV-Stelle im Nachgang zu IV.2013.00085 keine Eingliederungsmassnahmen durchgef\u00fchrt hat, liegt einzig an der fehlenden subjektiven Eingliederungsf\u00e4higkeit des Beschwerdef\u00fchrers. Auf die RAD-Untersuchungsberichte aus dem Jahr 2012 kann weiterhin abgestellt werden. Abweisung. "}], "ScrapyJob": "446973/33/1864", "Zeit UTC": "06.05.2025 03:27:05", "Checksum": "b59ced4ff0455d7b1ecae1a5ead15f49"}