{"Signatur": "ZH_SVG_001", "Spider": "ZH_Sozialversicherungsgericht", "Sprache": "de", "Datum": "2016-10-05", "HTML": {"Datei": "ZH_Sozialversicherungsgericht/ZH_SVG_001_IV-2015-01070_2016-10-05.html", "URL": "https://findex.webgate.cloud/entscheide/IV.2015.01070.html", "Checksum": "7d8e060f31e8b1ef6e85f700742082a8"}, "Scrapedate": "2023-01-01", "Num": ["IV.2015.01070"], "Kopfzeile": [{"Sprachen": ["de"], "Text": "Z\u00fcrich Sozialversicherungsgericht 05.10.2016 IV.2015.01070"}, {"Sprachen": ["fr"], "Text": "Zurich Sozialversicherungsgericht 05.10.2016 IV.2015.01070"}, {"Sprachen": ["it"], "Text": "Zurigo Sozialversicherungsgericht 05.10.2016 IV.2015.01070"}], "Meta": [{"Sprachen": ["de"], "Text": "Z\u00fcrich Sozialversicherungsgericht "}, {"Sprachen": ["fr"], "Text": "Zurich Sozialversicherungsgericht "}, {"Sprachen": ["it"], "Text": "Zurigo Sozialversicherungsgericht "}], "Abstract": [{"Sprachen": ["de", "fr", "it"], "Text": "Aus diagnostizierter \u00e4ngstlich-depressiver Anpassungsst\u00f6rung (ICD-10 F43.22), die sich im \u00dcbergang zu einer Angst- und depressiven St\u00f6rung gemischt (ICD-F41.2) befindet, resultiert keine aus invalidenversicherungsrechtlicher Sicht relevante Einschr\u00e4nkung der Arbeitsf\u00e4higkeit. Abweisung."}], "ScrapyJob": "446973/33/1864", "Zeit UTC": "06.05.2025 02:29:42", "Checksum": "6ca02a582ccad09b15cfbfb83f727a89"}