{"Signatur": "ZH_SVG_001", "Spider": "ZH_Sozialversicherungsgericht", "Sprache": "de", "Datum": "2016-08-15", "HTML": {"Datei": "ZH_Sozialversicherungsgericht/ZH_SVG_001_IV-2016-00148_2016-08-15.html", "URL": "https://findex.webgate.cloud/entscheide/IV.2016.00148.html", "Checksum": "7815a2ac855725e064ea61174c2d839a"}, "Scrapedate": "2023-01-01", "Num": ["IV.2016.00148"], "Kopfzeile": [{"Sprachen": ["de"], "Text": "Z\u00fcrich Sozialversicherungsgericht 15.08.2016 IV.2016.00148"}, {"Sprachen": ["fr"], "Text": "Zurich Sozialversicherungsgericht 15.08.2016 IV.2016.00148"}, {"Sprachen": ["it"], "Text": "Zurigo Sozialversicherungsgericht 15.08.2016 IV.2016.00148"}], "Meta": [{"Sprachen": ["de"], "Text": "Z\u00fcrich Sozialversicherungsgericht "}, {"Sprachen": ["fr"], "Text": "Zurich Sozialversicherungsgericht "}, {"Sprachen": ["it"], "Text": "Zurigo Sozialversicherungsgericht "}], "Abstract": [{"Sprachen": ["de", "fr", "it"], "Text": "Eingliederung vor Rente; IV hat Eingliederungsmassnahmen von Amtes wegen zu pr\u00fcfen; vorliegend ist keine Rechtsverz\u00f6gerung oder Rechtsverweigerung darin erkennbar, dass die IV-Stelle nicht parallel zur Pr\u00fcfung der Eingliederungsmassnahmen ein Verfahren zur Rentenpr\u00fcfung einleitete; Abweisung."}], "ScrapyJob": "446973/33/1864", "Zeit UTC": "06.05.2025 03:16:44", "Checksum": "8f98d2193bdd5029703013fddb449c8f"}