{"Signatur": "ZH_SVG_001", "Spider": "ZH_Sozialversicherungsgericht", "Sprache": "de", "Datum": "2017-10-25", "HTML": {"Datei": "ZH_Sozialversicherungsgericht/ZH_SVG_001_IV-2016-00637_2017-10-25.html", "URL": "https://findex.webgate.cloud/entscheide/IV.2016.00637.html", "Checksum": "70afdeed3f3e839986523b5a7eed864a"}, "Scrapedate": "2023-01-01", "Num": ["IV.2016.00637"], "Kopfzeile": [{"Sprachen": ["de"], "Text": "Z\u00fcrich Sozialversicherungsgericht 25.10.2017 IV.2016.00637"}, {"Sprachen": ["fr"], "Text": "Zurich Sozialversicherungsgericht 25.10.2017 IV.2016.00637"}, {"Sprachen": ["it"], "Text": "Zurigo Sozialversicherungsgericht 25.10.2017 IV.2016.00637"}], "Meta": [{"Sprachen": ["de"], "Text": "Z\u00fcrich Sozialversicherungsgericht "}, {"Sprachen": ["fr"], "Text": "Zurich Sozialversicherungsgericht "}, {"Sprachen": ["it"], "Text": "Zurigo Sozialversicherungsgericht "}], "Abstract": [{"Sprachen": ["de", "fr", "it"], "Text": "Die vom psychiatrischen Gutachter vorgenommene Diagnosestellung (Depression und Pers\u00f6nlichkeitsst\u00f6rungen) vermag zu \u00fcberzeugen. Dies trifft aber nicht auf die gutachterliche Beurteilung der Arbeitsf\u00e4higkeit zu, weil die nicht invalidisierende Depression darin mitber\u00fccksichtigt erscheint. Es ist auf die Arbeitsf\u00e4higkeitseinsch\u00e4tzung der behandelnden Psychiaterin abzustellen und auf dieser Basis neu \u00fcber den Rentenanspruch zu befinden."}], "ScrapyJob": "446973/33/1864", "Zeit UTC": "06.05.2025 03:16:16", "Checksum": "ff1e1b3f70ed41880ac03bc439fd5fec"}