{"Signatur": "ZH_SVG_001", "Spider": "ZH_Sozialversicherungsgericht", "Sprache": "de", "Datum": "2016-09-21", "HTML": {"Datei": "ZH_Sozialversicherungsgericht/ZH_SVG_001_IV-2016-00657_2016-09-21.html", "URL": "https://findex.webgate.cloud/entscheide/IV.2016.00657.html", "Checksum": "88b95889008c96a2de455fd464ee9244"}, "Scrapedate": "2023-01-01", "Num": ["IV.2016.00657"], "Kopfzeile": [{"Sprachen": ["de"], "Text": "Z\u00fcrich Sozialversicherungsgericht 21.09.2016 IV.2016.00657"}, {"Sprachen": ["fr"], "Text": "Zurich Sozialversicherungsgericht 21.09.2016 IV.2016.00657"}, {"Sprachen": ["it"], "Text": "Zurigo Sozialversicherungsgericht 21.09.2016 IV.2016.00657"}], "Meta": [{"Sprachen": ["de"], "Text": "Z\u00fcrich Sozialversicherungsgericht "}, {"Sprachen": ["fr"], "Text": "Zurich Sozialversicherungsgericht "}, {"Sprachen": ["it"], "Text": "Zurigo Sozialversicherungsgericht "}], "Abstract": [{"Sprachen": ["de", "fr", "it"], "Text": "Die teilweise widerspr\u00fcchlichen subjektiven Angaben des Beschwerdef\u00fchrers gen\u00fcgen vorliegend mit Blick auf die zwischen Trauma und psychischer Dekompensation liegende lange Latenzzeit von rund 20 Jahren allein nicht zum Beweis eines f\u00fcr die Ausl\u00f6sung einer posttraumatischen Belastungsst\u00f6rung geeigneten Traumas. (BGE 9C_788/2016)"}], "ScrapyJob": "446973/33/1864", "Zeit UTC": "06.05.2025 03:26:53", "Checksum": "216d397a50d5a2e73cc30487d0d1f1b5"}