{"Signatur": "ZH_SVG_001", "Spider": "ZH_Sozialversicherungsgericht", "Sprache": "de", "Datum": "2017-08-28", "HTML": {"Datei": "ZH_Sozialversicherungsgericht/ZH_SVG_001_IV-2016-00937_2017-08-28.html", "URL": "https://findex.webgate.cloud/entscheide/IV.2016.00937.html", "Checksum": "b7f360d2a0de857b762605873029ed07"}, "Scrapedate": "2023-01-01", "Num": ["IV.2016.00937"], "Kopfzeile": [{"Sprachen": ["de"], "Text": "Z\u00fcrich Sozialversicherungsgericht 28.08.2017 IV.2016.00937"}, {"Sprachen": ["fr"], "Text": "Zurich Sozialversicherungsgericht 28.08.2017 IV.2016.00937"}, {"Sprachen": ["it"], "Text": "Zurigo Sozialversicherungsgericht 28.08.2017 IV.2016.00937"}], "Meta": [{"Sprachen": ["de"], "Text": "Z\u00fcrich Sozialversicherungsgericht "}, {"Sprachen": ["fr"], "Text": "Zurich Sozialversicherungsgericht "}, {"Sprachen": ["it"], "Text": "Zurigo Sozialversicherungsgericht "}], "Abstract": [{"Sprachen": ["de", "fr", "it"], "Text": "Rentenanspruch w\u00e4hrend der Durchf\u00fchrung von Eingliederungsmassnahmen infolge Bejahung der Eingliederungsf\u00e4higkeit zu Recht verneint. Abweisung."}], "ScrapyJob": "446973/33/1864", "Zeit UTC": "06.05.2025 03:09:30", "Checksum": "704b7ac4dde7e97c4eb8abc738987c9f"}