{"Signatur": "ZH_SVG_001", "Spider": "ZH_Sozialversicherungsgericht", "Sprache": "de", "Datum": "2018-06-19", "HTML": {"Datei": "ZH_Sozialversicherungsgericht/ZH_SVG_001_IV-2016-01031_2018-06-19.html", "URL": "https://findex.webgate.cloud/entscheide/IV.2016.01031.html", "Checksum": "7a9245c29122bc13c9ef19ba459b1f44"}, "Scrapedate": "2023-01-01", "Num": ["IV.2016.01031"], "Kopfzeile": [{"Sprachen": ["de"], "Text": "Z\u00fcrich Sozialversicherungsgericht 19.06.2018 IV.2016.01031"}, {"Sprachen": ["fr"], "Text": "Zurich Sozialversicherungsgericht 19.06.2018 IV.2016.01031"}, {"Sprachen": ["it"], "Text": "Zurigo Sozialversicherungsgericht 19.06.2018 IV.2016.01031"}], "Meta": [{"Sprachen": ["de"], "Text": "Z\u00fcrich Sozialversicherungsgericht "}, {"Sprachen": ["fr"], "Text": "Zurich Sozialversicherungsgericht "}, {"Sprachen": ["it"], "Text": "Zurigo Sozialversicherungsgericht "}], "Abstract": [{"Sprachen": ["de", "fr", "it"], "Text": "Die retrospektive Beurteilung der Arbeitsf\u00e4higkeit aus somatischer Sicht durch den RAD \u00fcberzeugt nicht und der psychische Gesundheitszustand ist abkl\u00e4rungsbed\u00fcrftig. R\u00fcckweisung zu weiteren medizinischen Abkl\u00e4rungen mit dem Hinweis, dass der Invalidit\u00e4tsbemessung ein zu geringes Valideneinkommen zu Grunde gelegt wurde."}], "ScrapyJob": "446973/33/1864", "Zeit UTC": "06.05.2025 02:16:28", "Checksum": "c5f267984ad5b143f7f035a73320fadf"}